{"id":7136,"date":"2025-06-24T12:36:16","date_gmt":"2025-06-24T12:36:16","guid":{"rendered":"https:\/\/vrigstadshembygdsforening.se\/?p=7136"},"modified":"2025-06-24T12:37:14","modified_gmt":"2025-06-24T12:37:14","slug":"svar-fran-barn-och-utbildningsnamnden","status":"publish","type":"post","link":"https:\/\/vrigstadshembygdsforening.se\/?p=7136","title":{"rendered":"Svar fr\u00e5n Barn- och utbildningsn\u00e4mnden"},"content":{"rendered":"\n<p>Hembygdsf\u00f6reningen har nu f\u00e5tt ett skriftligt svar fr\u00e5n Barn- och utbildningsn\u00e4mnden:<br>&#8221;Svar p\u00e5 \u00f6ppet brev till Barn- och utbildningsn\u00e4mnden i S\u00e4vsj\u00f6 kommun<br>Till Vrigstads hembygdsf\u00f6rening, Barn- och utbildningsn\u00e4mnden har tagit del av ert \u00f6ppna brev och vill h\u00e4rmed bem\u00f6ta er oro och tydligg\u00f6ra hur stiftelsens medel hanteras.<br>Bakgrund och beslut om permutation<br>S\u00e4vsj\u00f6 kommun ans\u00f6kte \u00e5r 2022 om en s\u00e5 kallad permutation hos Kammarkollegiet, vilket beviljades. Kammarr\u00e4tten gjorde d\u00e5 samtidigt en tolkning att i det fall avkastningen inte l\u00e4ngre fullt ut kan anv\u00e4ndas f\u00f6r skolv\u00e4sendet i Vrigstad, ska det i andra hand kunna anv\u00e4ndas till skolv\u00e4sendet inom S\u00e4vsj\u00f6 kommun i stort.<br>Vi vill po\u00e4ngtera att Kammarkollegiets beslut inte inneb\u00e4r att avkastningen f\u00e5r eller ska delas mellan olika skolor. S\u00e4vsj\u00f6 kommuns chefsjurist f\u00f6rtydligar kammarkollegiets beslut:<br>\u201dS\u00e5 l\u00e4nge det finns behov f\u00f6r skolv\u00e4sendet i Vrigstad ska medlen i sin helhet anv\u00e4ndas till skolv\u00e4sendet i Vrigstad. Det \u00e4r f\u00f6rst om f\u00f6rstahandsalternativet inte kan tillgodoses som det \u00e4r till\u00e5tet att till\u00e4mpa andrahandsalternativet.\u201d<br>Ingen f\u00f6r\u00e4ndring av stiftelsens syfte<br>S\u00e4vsj\u00f6 kommun har inte ans\u00f6kt om att omf\u00f6rdela pengar till annan skolverksamhet inom kommunen. Kommunens tolkning \u2013 som bekr\u00e4ftats av b\u00e5de Kammarkollegiet och kommunens chefsjurist \u2013 \u00e4r att \u00e4ndringen endast g\u00e4ller f\u00f6r eventuell f\u00f6r\u00e4ndring fram\u00e5t, i det fall behovet i Vrigstad en dag inte skulle finnas, exempelvis vid en nedl\u00e4ggning av skolverksamheten i orten.<br>I dagsl\u00e4get, och s\u00e5 l\u00e4nge det finns behov, kommer hela avkastningen fr\u00e5n Donationsg\u00e5rdarna \u00e4ven forts\u00e4ttningsvis att tillfalla Vrigstad.<br>\u00d6ppenhet och ansvarstagande<br>Vi beklagar om informationen om permutationen inte n\u00e5tt ut till allm\u00e4nheten p\u00e5 ett tillr\u00e4ckligt tydligt s\u00e4tt. Det har inte funnits n\u00e5got syfte att \u201dhantera \u00e4rendet i smyg\u201d. Vi tar till oss av er synpunkt och f\u00f6rs\u00f6ka f\u00f6rb\u00e4ttra v\u00e5r kommunikation i fr\u00e5gor fram\u00f6ver.<br>Vi hoppas att detta f\u00f6rtydligande ger svar p\u00e5 era funderingar.<br>Med v\u00e4nlig h\u00e4lsning, Barn- och utbildningsn\u00e4mnden i S\u00e4vsj\u00f6 kommun&#8221;<\/p>\n\n\n\n<p>Hembygdsf\u00f6reningens styrelse har beslutat att avvakta med ytterligare \u00e5tg\u00e4rder men konstaterar att n\u00e4mndens agerande \u00e4r udda. N\u00e4mnden h\u00e4vdar att man inte \u00f6nskat omf\u00f6rdela pengar till andra skolor, utan \u00f6nskat beh\u00e5lla det gamla syftet med donationen. Hembygdsf\u00f6reningen har beg\u00e4rt just detta &#8211; att man ska ta tillbaka det gamla syften &#8211; men detta s\u00e4ger politikerna nej till. Var finns logiken?<\/p>\n","protected":false},"excerpt":{"rendered":"<p>Hembygdsf\u00f6reningen har nu f\u00e5tt ett skriftligt svar fr\u00e5n Barn- och utbildningsn\u00e4mnden:&#8221;Svar p\u00e5 \u00f6ppet brev till Barn- och utbildningsn\u00e4mnden i S\u00e4vsj\u00f6<\/p>\n","protected":false},"author":1,"featured_media":0,"comment_status":"closed","ping_status":"open","sticky":false,"template":"","format":"standard","meta":{"footnotes":""},"categories":[1],"tags":[],"class_list":["post-7136","post","type-post","status-publish","format-standard","hentry","category-uncategorized"],"_links":{"self":[{"href":"https:\/\/vrigstadshembygdsforening.se\/index.php?rest_route=\/wp\/v2\/posts\/7136","targetHints":{"allow":["GET"]}}],"collection":[{"href":"https:\/\/vrigstadshembygdsforening.se\/index.php?rest_route=\/wp\/v2\/posts"}],"about":[{"href":"https:\/\/vrigstadshembygdsforening.se\/index.php?rest_route=\/wp\/v2\/types\/post"}],"author":[{"embeddable":true,"href":"https:\/\/vrigstadshembygdsforening.se\/index.php?rest_route=\/wp\/v2\/users\/1"}],"replies":[{"embeddable":true,"href":"https:\/\/vrigstadshembygdsforening.se\/index.php?rest_route=%2Fwp%2Fv2%2Fcomments&post=7136"}],"version-history":[{"count":2,"href":"https:\/\/vrigstadshembygdsforening.se\/index.php?rest_route=\/wp\/v2\/posts\/7136\/revisions"}],"predecessor-version":[{"id":7139,"href":"https:\/\/vrigstadshembygdsforening.se\/index.php?rest_route=\/wp\/v2\/posts\/7136\/revisions\/7139"}],"wp:attachment":[{"href":"https:\/\/vrigstadshembygdsforening.se\/index.php?rest_route=%2Fwp%2Fv2%2Fmedia&parent=7136"}],"wp:term":[{"taxonomy":"category","embeddable":true,"href":"https:\/\/vrigstadshembygdsforening.se\/index.php?rest_route=%2Fwp%2Fv2%2Fcategories&post=7136"},{"taxonomy":"post_tag","embeddable":true,"href":"https:\/\/vrigstadshembygdsforening.se\/index.php?rest_route=%2Fwp%2Fv2%2Ftags&post=7136"}],"curies":[{"name":"wp","href":"https:\/\/api.w.org\/{rel}","templated":true}]}}