{"id":7066,"date":"2025-03-23T11:35:35","date_gmt":"2025-03-23T11:35:35","guid":{"rendered":"https:\/\/vrigstadshembygdsforening.se\/?p=7066"},"modified":"2025-03-23T11:35:36","modified_gmt":"2025-03-23T11:35:36","slug":"arsmote-och-film-och-vrigstad-vardcentral","status":"publish","type":"post","link":"https:\/\/vrigstadshembygdsforening.se\/?p=7066","title":{"rendered":"\u00c5rsm\u00f6te och film och Vrigstad v\u00e5rdcentral"},"content":{"rendered":"\n<p>Torsdagen den\u00a020 mars h\u00f6ll f\u00f6reningen \u00e5rsm\u00f6te i Skeppet med ett drygt 50-tal medlemmar. F\u00f6reningen kunde summera ett framg\u00e5ngsrikt \u00e5r med bl.a. \u00e4nnu ett nytt medlemsrekord &#8211; 582 medlemmar &#8211; samt ett stort antal aktiviteter. Sylvia Swerlander h\u00f6ll i m\u00f6tesklubban och det blev endast ett par f\u00f6r\u00e4ndringar bland de f\u00f6rtroendevalda. Sten-Anders Carlsson hade avb\u00f6jt omval som suppleant och han ersattes av Krister Lindsten. Carina Elg valdes in i kaffekommitt\u00e9n. <\/p>\n\n\n\n<p>Efter \u00e5rsm\u00f6tesf\u00f6rhandlingarna visade vi en film d\u00e4r Torbj\u00f6rn Lund Ramberg och Wibe Steen Ramberg ber\u00e4ttade om hur de skapade v\u00e5rdcentralen i Vrigstad. <\/p>\n","protected":false},"excerpt":{"rendered":"<p>Torsdagen den\u00a020 mars h\u00f6ll f\u00f6reningen \u00e5rsm\u00f6te i Skeppet med ett drygt 50-tal medlemmar. F\u00f6reningen kunde summera ett framg\u00e5ngsrikt \u00e5r med<\/p>\n","protected":false},"author":1,"featured_media":0,"comment_status":"closed","ping_status":"open","sticky":false,"template":"","format":"standard","meta":{"footnotes":""},"categories":[1],"tags":[],"class_list":["post-7066","post","type-post","status-publish","format-standard","hentry","category-uncategorized"],"_links":{"self":[{"href":"https:\/\/vrigstadshembygdsforening.se\/index.php?rest_route=\/wp\/v2\/posts\/7066","targetHints":{"allow":["GET"]}}],"collection":[{"href":"https:\/\/vrigstadshembygdsforening.se\/index.php?rest_route=\/wp\/v2\/posts"}],"about":[{"href":"https:\/\/vrigstadshembygdsforening.se\/index.php?rest_route=\/wp\/v2\/types\/post"}],"author":[{"embeddable":true,"href":"https:\/\/vrigstadshembygdsforening.se\/index.php?rest_route=\/wp\/v2\/users\/1"}],"replies":[{"embeddable":true,"href":"https:\/\/vrigstadshembygdsforening.se\/index.php?rest_route=%2Fwp%2Fv2%2Fcomments&post=7066"}],"version-history":[{"count":1,"href":"https:\/\/vrigstadshembygdsforening.se\/index.php?rest_route=\/wp\/v2\/posts\/7066\/revisions"}],"predecessor-version":[{"id":7067,"href":"https:\/\/vrigstadshembygdsforening.se\/index.php?rest_route=\/wp\/v2\/posts\/7066\/revisions\/7067"}],"wp:attachment":[{"href":"https:\/\/vrigstadshembygdsforening.se\/index.php?rest_route=%2Fwp%2Fv2%2Fmedia&parent=7066"}],"wp:term":[{"taxonomy":"category","embeddable":true,"href":"https:\/\/vrigstadshembygdsforening.se\/index.php?rest_route=%2Fwp%2Fv2%2Fcategories&post=7066"},{"taxonomy":"post_tag","embeddable":true,"href":"https:\/\/vrigstadshembygdsforening.se\/index.php?rest_route=%2Fwp%2Fv2%2Ftags&post=7066"}],"curies":[{"name":"wp","href":"https:\/\/api.w.org\/{rel}","templated":true}]}}