{"id":6931,"date":"2024-09-27T09:29:05","date_gmt":"2024-09-27T09:29:05","guid":{"rendered":"https:\/\/vrigstadshembygdsforening.se\/?p=6931"},"modified":"2024-10-18T10:14:51","modified_gmt":"2024-10-18T10:14:51","slug":"temakvall-om-uttern","status":"publish","type":"post","link":"https:\/\/vrigstadshembygdsforening.se\/?p=6931","title":{"rendered":"Intressant temakv\u00e4ll om uttern"},"content":{"rendered":"\n<p>Torsdagen den\u00a017 oktober fick vi bes\u00f6k av B\u00f6rje Gunnevik som ber\u00e4ttade om Sm\u00e5lands landskapsdjur \u2013 uttern. Han ber\u00e4ttade bl.a. att m\u00e5nga har sv\u00e5rt att skilja p\u00e5 uttern och minken. <a href=\"https:\/\/vrigstadshembygdsforening.se\/?page_id=343\">L\u00e4s mer&#8230;<\/a><\/p>\n\n\n\n<figure class=\"wp-block-image size-full\"><img loading=\"lazy\" decoding=\"async\" width=\"700\" height=\"487\" src=\"https:\/\/media.vrigstadshembygdsforening.se\/\/241017_2.jpg\" alt=\"\" class=\"wp-image-6943\" srcset=\"https:\/\/media.vrigstadshembygdsforening.se\/241017_2.jpg 700w, https:\/\/media.vrigstadshembygdsforening.se\/241017_2-300x209.jpg 300w, https:\/\/media.vrigstadshembygdsforening.se\/241017_2-392x272.jpg 392w, https:\/\/media.vrigstadshembygdsforening.se\/241017_2-130x90.jpg 130w\" sizes=\"auto, (max-width: 700px) 100vw, 700px\" \/><figcaption class=\"wp-element-caption\">Uttern, t.v., \u00e4r mycket st\u00f6rre \u00e4n minken, t.h.<\/figcaption><\/figure>\n","protected":false},"excerpt":{"rendered":"<p>Torsdagen den\u00a017 oktober fick vi bes\u00f6k av B\u00f6rje Gunnevik som ber\u00e4ttade om Sm\u00e5lands landskapsdjur \u2013 uttern. Han ber\u00e4ttade bl.a. att<\/p>\n","protected":false},"author":1,"featured_media":0,"comment_status":"closed","ping_status":"open","sticky":false,"template":"","format":"standard","meta":{"footnotes":""},"categories":[1],"tags":[],"class_list":["post-6931","post","type-post","status-publish","format-standard","hentry","category-uncategorized"],"_links":{"self":[{"href":"https:\/\/vrigstadshembygdsforening.se\/index.php?rest_route=\/wp\/v2\/posts\/6931","targetHints":{"allow":["GET"]}}],"collection":[{"href":"https:\/\/vrigstadshembygdsforening.se\/index.php?rest_route=\/wp\/v2\/posts"}],"about":[{"href":"https:\/\/vrigstadshembygdsforening.se\/index.php?rest_route=\/wp\/v2\/types\/post"}],"author":[{"embeddable":true,"href":"https:\/\/vrigstadshembygdsforening.se\/index.php?rest_route=\/wp\/v2\/users\/1"}],"replies":[{"embeddable":true,"href":"https:\/\/vrigstadshembygdsforening.se\/index.php?rest_route=%2Fwp%2Fv2%2Fcomments&post=6931"}],"version-history":[{"count":2,"href":"https:\/\/vrigstadshembygdsforening.se\/index.php?rest_route=\/wp\/v2\/posts\/6931\/revisions"}],"predecessor-version":[{"id":6944,"href":"https:\/\/vrigstadshembygdsforening.se\/index.php?rest_route=\/wp\/v2\/posts\/6931\/revisions\/6944"}],"wp:attachment":[{"href":"https:\/\/vrigstadshembygdsforening.se\/index.php?rest_route=%2Fwp%2Fv2%2Fmedia&parent=6931"}],"wp:term":[{"taxonomy":"category","embeddable":true,"href":"https:\/\/vrigstadshembygdsforening.se\/index.php?rest_route=%2Fwp%2Fv2%2Fcategories&post=6931"},{"taxonomy":"post_tag","embeddable":true,"href":"https:\/\/vrigstadshembygdsforening.se\/index.php?rest_route=%2Fwp%2Fv2%2Ftags&post=6931"}],"curies":[{"name":"wp","href":"https:\/\/api.w.org\/{rel}","templated":true}]}}