{"id":6825,"date":"2024-02-24T15:55:53","date_gmt":"2024-02-24T15:55:53","guid":{"rendered":"https:\/\/vrigstadshembygdsforening.se\/?p=6825"},"modified":"2024-03-13T09:27:23","modified_gmt":"2024-03-13T09:27:23","slug":"hjalp-oss-att-identifiera-fler-personer","status":"publish","type":"post","link":"https:\/\/vrigstadshembygdsforening.se\/?p=6825","title":{"rendered":"Hj\u00e4lp oss att identifiera fler personer"},"content":{"rendered":"\n<p>Vid temakv\u00e4llen den 22 februari visade vi ett antal bilder d\u00e4r vi beh\u00f6ver hj\u00e4lp. Vi har fortfarande n\u00e5gra personer vi inte har identifierat. Kan du hj\u00e4lpa oss s\u00e5 maila info@vrigstadshembygdsforening.se eller ring 073-6885345.<\/p>\n\n\n\n<p>Vem sitter p\u00e5 marken l\u00e4ngst till v\u00e4nster och vem \u00e4r till h\u00e4lften dold av Harald Lund?<br>Tack Birgitta som har hj\u00e4lpt oss med mannen till v\u00e4nster &#8211; det \u00e4r Edgar J\u00f6nsson &#8211; och G\u00f6ran som meddelat att det \u00e4r Aron Karlsson som sitter bakom Harald.<\/p>\n\n\n\n<figure class=\"wp-block-image size-full is-style-default\"><img loading=\"lazy\" decoding=\"async\" width=\"700\" height=\"465\" src=\"https:\/\/media.vrigstadshembygdsforening.se\/\/Feb_3.jpg\" alt=\"\" class=\"wp-image-6826\" srcset=\"https:\/\/media.vrigstadshembygdsforening.se\/Feb_3.jpg 700w, https:\/\/media.vrigstadshembygdsforening.se\/Feb_3-300x199.jpg 300w\" sizes=\"auto, (max-width: 700px) 100vw, 700px\" \/><\/figure>\n\n\n\n<p>Vem sitter i mitten mellan Karl och Anton?<\/p>\n\n\n\n<figure class=\"wp-block-image size-full is-style-default\"><img loading=\"lazy\" decoding=\"async\" width=\"700\" height=\"465\" src=\"https:\/\/media.vrigstadshembygdsforening.se\/\/Feb_2.jpg\" alt=\"\" class=\"wp-image-6827\" srcset=\"https:\/\/media.vrigstadshembygdsforening.se\/Feb_2.jpg 700w, https:\/\/media.vrigstadshembygdsforening.se\/Feb_2-300x199.jpg 300w\" sizes=\"auto, (max-width: 700px) 100vw, 700px\" \/><\/figure>\n\n\n\n<p>Evald Karlsson och Lars-G\u00f6ran Johansson k\u00e4nner vi igen. Vilka \u00e4r \u00f6vriga p\u00e5 bilden?<\/p>\n\n\n\n<figure class=\"wp-block-image size-full is-style-default\"><img loading=\"lazy\" decoding=\"async\" width=\"700\" height=\"465\" src=\"https:\/\/media.vrigstadshembygdsforening.se\/\/Feb_1.jpg\" alt=\"\" class=\"wp-image-6828\" srcset=\"https:\/\/media.vrigstadshembygdsforening.se\/Feb_1.jpg 700w, https:\/\/media.vrigstadshembygdsforening.se\/Feb_1-300x199.jpg 300w\" sizes=\"auto, (max-width: 700px) 100vw, 700px\" \/><\/figure>\n","protected":false},"excerpt":{"rendered":"<p>Vid temakv\u00e4llen den 22 februari visade vi ett antal bilder d\u00e4r vi beh\u00f6ver hj\u00e4lp. Vi har fortfarande n\u00e5gra personer vi<\/p>\n","protected":false},"author":1,"featured_media":0,"comment_status":"closed","ping_status":"open","sticky":false,"template":"","format":"standard","meta":{"footnotes":""},"categories":[1],"tags":[],"class_list":["post-6825","post","type-post","status-publish","format-standard","hentry","category-uncategorized"],"_links":{"self":[{"href":"https:\/\/vrigstadshembygdsforening.se\/index.php?rest_route=\/wp\/v2\/posts\/6825","targetHints":{"allow":["GET"]}}],"collection":[{"href":"https:\/\/vrigstadshembygdsforening.se\/index.php?rest_route=\/wp\/v2\/posts"}],"about":[{"href":"https:\/\/vrigstadshembygdsforening.se\/index.php?rest_route=\/wp\/v2\/types\/post"}],"author":[{"embeddable":true,"href":"https:\/\/vrigstadshembygdsforening.se\/index.php?rest_route=\/wp\/v2\/users\/1"}],"replies":[{"embeddable":true,"href":"https:\/\/vrigstadshembygdsforening.se\/index.php?rest_route=%2Fwp%2Fv2%2Fcomments&post=6825"}],"version-history":[{"count":4,"href":"https:\/\/vrigstadshembygdsforening.se\/index.php?rest_route=\/wp\/v2\/posts\/6825\/revisions"}],"predecessor-version":[{"id":6835,"href":"https:\/\/vrigstadshembygdsforening.se\/index.php?rest_route=\/wp\/v2\/posts\/6825\/revisions\/6835"}],"wp:attachment":[{"href":"https:\/\/vrigstadshembygdsforening.se\/index.php?rest_route=%2Fwp%2Fv2%2Fmedia&parent=6825"}],"wp:term":[{"taxonomy":"category","embeddable":true,"href":"https:\/\/vrigstadshembygdsforening.se\/index.php?rest_route=%2Fwp%2Fv2%2Fcategories&post=6825"},{"taxonomy":"post_tag","embeddable":true,"href":"https:\/\/vrigstadshembygdsforening.se\/index.php?rest_route=%2Fwp%2Fv2%2Ftags&post=6825"}],"curies":[{"name":"wp","href":"https:\/\/api.w.org\/{rel}","templated":true}]}}