{"id":6739,"date":"2023-11-12T08:59:30","date_gmt":"2023-11-12T08:59:30","guid":{"rendered":"https:\/\/vrigstadshembygdsforening.se\/?p=6739"},"modified":"2023-12-22T12:18:46","modified_gmt":"2023-12-22T12:18:46","slug":"vid-julskyltningen-saljer-vi-var-nya-bok-och-2024-ars-almanacka","status":"publish","type":"post","link":"https:\/\/vrigstadshembygdsforening.se\/?p=6739","title":{"rendered":"Vid julskyltningen s\u00e4ljer vi v\u00e5r nya bok och 2024 \u00e5rs almanacka"},"content":{"rendered":"\n<p>V\u00e4lkommen till Badhuset i samband med \u00e5rets julskyltning s\u00f6ndagen den 3 december, kl. 16.00-18.30. D\u00e5 kan du smidigt fixa julklappar till sl\u00e4kt och v\u00e4nner. Hembygdsf\u00f6reningen s\u00e4ljer b\u00e5de den nya almanackan och boken &#8211; endast 100 kr\/styck f\u00f6r medlemmar. B\u00e5de almanackan och boken kommer sedan att s\u00e4ljas i Hemk\u00f6p\/Jotos.<\/p>\n\n\n\n<figure class=\"wp-block-image size-full is-style-default\"><img loading=\"lazy\" decoding=\"async\" width=\"700\" height=\"505\" src=\"https:\/\/media.vrigstadshembygdsforening.se\/\/2024_omslag_alm.jpg\" alt=\"\" class=\"wp-image-6746\" srcset=\"https:\/\/media.vrigstadshembygdsforening.se\/2024_omslag_alm.jpg 700w, https:\/\/media.vrigstadshembygdsforening.se\/2024_omslag_alm-300x216.jpg 300w\" sizes=\"auto, (max-width: 700px) 100vw, 700px\" \/><\/figure>\n","protected":false},"excerpt":{"rendered":"<p>V\u00e4lkommen till Badhuset i samband med \u00e5rets julskyltning s\u00f6ndagen den 3 december, kl. 16.00-18.30. D\u00e5 kan du smidigt fixa julklappar<\/p>\n","protected":false},"author":1,"featured_media":0,"comment_status":"closed","ping_status":"open","sticky":false,"template":"","format":"standard","meta":{"footnotes":""},"categories":[1],"tags":[],"class_list":["post-6739","post","type-post","status-publish","format-standard","hentry","category-uncategorized"],"_links":{"self":[{"href":"https:\/\/vrigstadshembygdsforening.se\/index.php?rest_route=\/wp\/v2\/posts\/6739","targetHints":{"allow":["GET"]}}],"collection":[{"href":"https:\/\/vrigstadshembygdsforening.se\/index.php?rest_route=\/wp\/v2\/posts"}],"about":[{"href":"https:\/\/vrigstadshembygdsforening.se\/index.php?rest_route=\/wp\/v2\/types\/post"}],"author":[{"embeddable":true,"href":"https:\/\/vrigstadshembygdsforening.se\/index.php?rest_route=\/wp\/v2\/users\/1"}],"replies":[{"embeddable":true,"href":"https:\/\/vrigstadshembygdsforening.se\/index.php?rest_route=%2Fwp%2Fv2%2Fcomments&post=6739"}],"version-history":[{"count":3,"href":"https:\/\/vrigstadshembygdsforening.se\/index.php?rest_route=\/wp\/v2\/posts\/6739\/revisions"}],"predecessor-version":[{"id":6761,"href":"https:\/\/vrigstadshembygdsforening.se\/index.php?rest_route=\/wp\/v2\/posts\/6739\/revisions\/6761"}],"wp:attachment":[{"href":"https:\/\/vrigstadshembygdsforening.se\/index.php?rest_route=%2Fwp%2Fv2%2Fmedia&parent=6739"}],"wp:term":[{"taxonomy":"category","embeddable":true,"href":"https:\/\/vrigstadshembygdsforening.se\/index.php?rest_route=%2Fwp%2Fv2%2Fcategories&post=6739"},{"taxonomy":"post_tag","embeddable":true,"href":"https:\/\/vrigstadshembygdsforening.se\/index.php?rest_route=%2Fwp%2Fv2%2Ftags&post=6739"}],"curies":[{"name":"wp","href":"https:\/\/api.w.org\/{rel}","templated":true}]}}